{"id":477,"date":"2020-03-31T17:58:00","date_gmt":"2020-03-31T17:58:00","guid":{"rendered":"http:\/\/covid360.unl.pt\/?p=477"},"modified":"2020-04-21T09:28:19","modified_gmt":"2020-04-21T09:28:19","slug":"investigadores-da-fct-nova-ajudam-a-desenvolver-ventilador-de-codigo-aberto","status":"publish","type":"post","link":"https:\/\/covid360.unl.pt\/?p=477","title":{"rendered":"Investigadores da FCT NOVA ajudam a desenvolver ventilador de c\u00f3digo aberto"},"content":{"rendered":"\n<p class=\"has-small-font-size\"><em>31 mar 2020<\/em><\/p>\n\n\n<p><img loading=\"lazy\" class=\"size-full wp-image-492 alignleft\" src=\"https:\/\/covid360.unl.pt\/wp-content\/uploads\/2020\/04\/3.png\" alt=\"\" width=\"300\" height=\"180\">Uma equipa multidisciplinar da <strong>Faculdade de Ci\u00eancias e Tecnologia da NOVA (FCT NOVA)<\/strong>, das \u00e1reas de Engenharia Mec\u00e2nica e Industrial, Engenharia Biom\u00e9dica, F\u00edsica, e Engenharia Eletrot\u00e9cnica e de Computadores, integram um grupo de volunt\u00e1rios portugueses que conseguiu desenvolver um ventilador de c\u00f3digo aberto para cuidados intensivos, com um valor de produ\u00e7\u00e3o muito inferior ao padr\u00e3o.<\/p>\n\n\n<!--more-->\n\n\n<p>Trata-se de um ventilador de c\u00f3digo aberto, que pode ser produzido em qualquer geografia, com materiais comuns. Os detalhes do desenvolvimento e do equipamento foram sistematizados num artigo cient\u00edfico, que estar\u00e1 dispon\u00edvel brevemente para consulta.<\/p>\n<p>A ideia que esteve na base deste desenvolvimento surge tamb\u00e9m associada ao #ProjectOpenAir, e materializou-se com o contributo de v\u00e1rias personalidades e entidades, que incluem, para a al\u00e9m da FCT NOVA, o LIP Coimbra, a Nova Medical School, o ICNAS, o Ex\u00e9rcito Portugu\u00eas, a Harvard University e dois engenheiros portugueses que trabalham para equipas de F\u00f3rmula 1, a Redbull Racing e a Haas F1 Team.<\/p>\n<p>Mais informa\u00e7\u00e3o no site da <a href=\"https:\/\/www.fct.unl.pt\/noticias\/2020\/03\/investigadores-da-fct-nova-ajudam-desenvolver-ventilador-de-codigo-aberto\" target=\"_blank\" rel=\"noreferrer noopener\">FCT NOVA<\/a>.<\/p>\n<p><strong>Nas not\u00edcias<\/strong><\/p>\n<p>Di\u00e1rio de Not\u00edcias &#8211; <a href=\"https:\/\/www.dn.pt\/vida-e-futuro\/from-portugal-with-love-voluntarios-portugueses-desenvolvem-ventilador-de-codigo-aberto-12018671.html\" target=\"_blank\" rel=\"noopener noreferrer\">&#8220;From Portugal, with love&#8221;. Volunt\u00e1rios portugueses desenvolvem ventilador em nome da Humanidade<\/a><br>Exame Inform\u00e1tica &#8211; <a href=\"https:\/\/visao.sapo.pt\/exameinformatica\/noticias-ei\/hardware\/2020-04-01-portugueses-criam-ventilador-open-source-project-open-air\/\" target=\"_blank\" rel=\"noopener noreferrer\">Portugueses criam ventilador para situa\u00e7\u00f5es de emerg\u00eancia. Hoje \u00e9 um conceito, em breve pode salvar vidas<\/a><br>Atlas da Sa\u00fade &#8211; V<a href=\"https:\/\/www.atlasdasaude.pt\/noticias\/voluntarios-portugueses-desenvolvem-ventilador-de-codigo-aberto\" target=\"_blank\" rel=\"noopener noreferrer\">olunt\u00e1rios portugueses desenvolvem ventilador de c\u00f3digo aberto<\/a><br>IT Insight &#8211; <a href=\"https:\/\/www.itinsight.pt\/news\/inovacao\/portugueses-desenvolvem-ventilador-de-emergencia-de-codigo-aberto\" target=\"_blank\" rel=\"noopener noreferrer\">Portugueses desenvolvem ventilador de emerg\u00eancia de c\u00f3digo aberto<\/a><br>pplware &#8211; <a href=\"https:\/\/pplware.sapo.pt\/informacao\/project-open-air-o-ventilador-made-in-portugal-para-a-humanidade\/\" target=\"_blank\" rel=\"noopener noreferrer\">Project Open Air: O ventilador \u201cMade in Portugal\u201d para a Humanidade<\/a><br>Smart Planet &#8211; <a href=\"https:\/\/www.smartplanet.pt\/news\/inovacao\/portugueses-desenvolvem-ventilador-de-emergencia-de-codigo-aberto\" target=\"_blank\" rel=\"noopener noreferrer\">Portugueses desenvolvem ventilador de emerg\u00eancia de c\u00f3digo aberto<\/a><\/p>\n<p><\/p>\n\n\n<p><\/p>\n","protected":false},"excerpt":{"rendered":"<p>31 mar 2020 Uma equipa multidisciplinar da Faculdade de Ci\u00eancias e Tecnologia da NOVA (FCT NOVA), das \u00e1reas de Engenharia Mec\u00e2nica e Industrial, Engenharia Biom\u00e9dica, F\u00edsica, e Engenharia Eletrot\u00e9cnica e de Computadores, integram um grupo de volunt\u00e1rios portugueses que conseguiu desenvolver um ventilador de c\u00f3digo aberto para cuidados intensivos, com um valor de produ\u00e7\u00e3o muito &#8230; <a title=\"Investigadores da FCT NOVA ajudam a desenvolver ventilador de c\u00f3digo aberto\" class=\"read-more\" href=\"https:\/\/covid360.unl.pt\/?p=477\">Ler mais <span class=\"screen-reader-text\">Investigadores da FCT NOVA ajudam a desenvolver ventilador de c\u00f3digo aberto<\/span><\/a><\/p>\n","protected":false},"author":3,"featured_media":0,"comment_status":"closed","ping_status":"closed","sticky":false,"template":"","format":"standard","meta":[],"categories":[4],"tags":[],"_links":{"self":[{"href":"https:\/\/covid360.unl.pt\/index.php?rest_route=\/wp\/v2\/posts\/477"}],"collection":[{"href":"https:\/\/covid360.unl.pt\/index.php?rest_route=\/wp\/v2\/posts"}],"about":[{"href":"https:\/\/covid360.unl.pt\/index.php?rest_route=\/wp\/v2\/types\/post"}],"author":[{"embeddable":true,"href":"https:\/\/covid360.unl.pt\/index.php?rest_route=\/wp\/v2\/users\/3"}],"replies":[{"embeddable":true,"href":"https:\/\/covid360.unl.pt\/index.php?rest_route=%2Fwp%2Fv2%2Fcomments&post=477"}],"version-history":[{"count":12,"href":"https:\/\/covid360.unl.pt\/index.php?rest_route=\/wp\/v2\/posts\/477\/revisions"}],"predecessor-version":[{"id":1184,"href":"https:\/\/covid360.unl.pt\/index.php?rest_route=\/wp\/v2\/posts\/477\/revisions\/1184"}],"wp:attachment":[{"href":"https:\/\/covid360.unl.pt\/index.php?rest_route=%2Fwp%2Fv2%2Fmedia&parent=477"}],"wp:term":[{"taxonomy":"category","embeddable":true,"href":"https:\/\/covid360.unl.pt\/index.php?rest_route=%2Fwp%2Fv2%2Fcategories&post=477"},{"taxonomy":"post_tag","embeddable":true,"href":"https:\/\/covid360.unl.pt\/index.php?rest_route=%2Fwp%2Fv2%2Ftags&post=477"}],"curies":[{"name":"wp","href":"https:\/\/api.w.org\/{rel}","templated":true}]}}