{"id":902,"date":"2020-04-07T12:13:28","date_gmt":"2020-04-07T12:13:28","guid":{"rendered":"https:\/\/covid360.unl.pt\/?p=902"},"modified":"2020-04-07T12:17:52","modified_gmt":"2020-04-07T12:17:52","slug":"academicos-erguem-a-voz-por-uma-europa-solidaria","status":"publish","type":"post","link":"https:\/\/covid360.unl.pt\/?p=902","title":{"rendered":"Acad\u00e9micos erguem a voz por uma Europa solid\u00e1ria"},"content":{"rendered":"\n<p class=\"has-small-font-size\"><em> 7 abr 2020 <\/em><\/p>\n\n\n\n<div class=\"wp-block-image\"><figure class=\"alignleft size-large\"><img src=\"https:\/\/covid360.unl.pt\/wp-content\/uploads\/2020\/04\/voice4europe.jpg\" alt=\"\" class=\"wp-image-904\"\/><\/figure><\/div>\n\n\n\n<p><br>Numa carta dirigida \u00e0s autoridades europeias, acad\u00e9micos e investigadores juntam as suas vozes no movimento Voice4Europe para exigir que, numa altura em que todos os pa\u00edses sofrem com a pandemia de COVID-19, a resposta europeia seja baseada na solidariedade, princ\u00edpio fundamental dos tratados da Uni\u00e3o.&nbsp;&nbsp;<\/p>\n\n\n\n<!--more-->\n\n\n\n<p>Acad\u00e9micos da Universidade NOVA de Lisboa juntaram-se aos primeiros signat\u00e1rios dos mais de 6000 acad\u00e9micos e profissionais de todo o mundo que j\u00e1 assinaram a carta at\u00e9 \u00e0 data de 6 de abril.<\/p>\n\n\n\n<p>Clique para <a href=\"https:\/\/voiceforeurope.weebly.com\/\" target=\"_blank\" rel=\"noreferrer noopener\" aria-label=\"ler e assinar a carta do movimento Voice4Europe (opens in a new tab)\">ler e assinar a carta do movimento Voice4Europe<\/a>.<\/p>\n","protected":false},"excerpt":{"rendered":"<p>7 abr 2020 Numa carta dirigida \u00e0s autoridades europeias, acad\u00e9micos e investigadores juntam as suas vozes no movimento Voice4Europe para exigir que, numa altura em que todos os pa\u00edses sofrem com a pandemia de COVID-19, a resposta europeia seja baseada na solidariedade, princ\u00edpio fundamental dos tratados da Uni\u00e3o.&nbsp;&nbsp;<\/p>\n","protected":false},"author":2,"featured_media":0,"comment_status":"closed","ping_status":"closed","sticky":false,"template":"","format":"standard","meta":[],"categories":[4],"tags":[],"_links":{"self":[{"href":"https:\/\/covid360.unl.pt\/index.php?rest_route=\/wp\/v2\/posts\/902"}],"collection":[{"href":"https:\/\/covid360.unl.pt\/index.php?rest_route=\/wp\/v2\/posts"}],"about":[{"href":"https:\/\/covid360.unl.pt\/index.php?rest_route=\/wp\/v2\/types\/post"}],"author":[{"embeddable":true,"href":"https:\/\/covid360.unl.pt\/index.php?rest_route=\/wp\/v2\/users\/2"}],"replies":[{"embeddable":true,"href":"https:\/\/covid360.unl.pt\/index.php?rest_route=%2Fwp%2Fv2%2Fcomments&post=902"}],"version-history":[{"count":6,"href":"https:\/\/covid360.unl.pt\/index.php?rest_route=\/wp\/v2\/posts\/902\/revisions"}],"predecessor-version":[{"id":911,"href":"https:\/\/covid360.unl.pt\/index.php?rest_route=\/wp\/v2\/posts\/902\/revisions\/911"}],"wp:attachment":[{"href":"https:\/\/covid360.unl.pt\/index.php?rest_route=%2Fwp%2Fv2%2Fmedia&parent=902"}],"wp:term":[{"taxonomy":"category","embeddable":true,"href":"https:\/\/covid360.unl.pt\/index.php?rest_route=%2Fwp%2Fv2%2Fcategories&post=902"},{"taxonomy":"post_tag","embeddable":true,"href":"https:\/\/covid360.unl.pt\/index.php?rest_route=%2Fwp%2Fv2%2Ftags&post=902"}],"curies":[{"name":"wp","href":"https:\/\/api.w.org\/{rel}","templated":true}]}}