{"id":913,"date":"2020-04-08T02:30:00","date_gmt":"2020-04-08T02:30:00","guid":{"rendered":"https:\/\/covid360.unl.pt\/?p=913"},"modified":"2020-04-08T14:03:36","modified_gmt":"2020-04-08T14:03:36","slug":"o-que-as-mascaras-nos-dizem-desta-pandemia","status":"publish","type":"post","link":"https:\/\/covid360.unl.pt\/?p=913","title":{"rendered":"O que as m\u00e1scaras nos dizem desta Pandemia"},"content":{"rendered":"\n<p class=\"has-small-font-size\"><em>8 abr 2020<\/em><\/p>\n\n\n<p><em><strong><img loading=\"lazy\" class=\"wp-image-635 alignleft\" src=\"https:\/\/covid360.unl.pt\/wp-content\/uploads\/2020\/04\/Fragata-300x300.png\" alt=\"\" width=\"200\" height=\"200\" srcset=\"https:\/\/covid360.unl.pt\/wp-content\/uploads\/2020\/04\/Fragata-300x300.png 300w, https:\/\/covid360.unl.pt\/wp-content\/uploads\/2020\/04\/Fragata-150x150.png 150w, https:\/\/covid360.unl.pt\/wp-content\/uploads\/2020\/04\/Fragata-768x768.png 768w, https:\/\/covid360.unl.pt\/wp-content\/uploads\/2020\/04\/Fragata.png 800w\" sizes=\"(max-width: 200px) 100vw, 200px\" \/>Jos\u00e9 Fragata<\/strong><\/em><br><em>Cirurgi\u00e3o Cardiotor\u00e1cico<br>Vice-Reitor da Universidade NOVA de Lisboa<br>Professor Catedr\u00e1tico da NOVA Medical School | Faculdade de Ci\u00eancias M\u00e9dicas<\/em><\/p>\n<p>Portugal tem estado bem na luta contra a COVID-19. Isso \u00e9 reconhecido, por compara\u00e7\u00e3o com o que se passa globalmente, e admitido pelas autoridades, mas tamb\u00e9m pelos cidad\u00e3os. Portugal tem sido bem-comportado e serve de exemplo, seja pela ado\u00e7\u00e3o razoavelmente atempada das medidas de restri\u00e7\u00e3o, seja pelo acatamento das limita\u00e7\u00f5es impostas pelo estado de emerg\u00eancia.<!--more-->Vemos em todos os telejornais compara\u00e7\u00f5es com o que fizeram de mal os outros pa\u00edses, quer pela oculta\u00e7\u00e3o inicial da verdadeira gravidade da pandemia, quer por terem reagido tardiamente, quer ainda pelo endurecimento pouco musculado das restri\u00e7\u00f5es impostas. Talvez dev\u00eassemos olhar tamb\u00e9m para aquilo que fizeram bem alguns pa\u00edses que t\u00eam hoje a pandemia razoavelmente controlada. Se pensarmos na Coreia do Sul, Taiwan, Singapura, Vietname, China e Rep\u00fablica Checa, identificamos algumas linhas comuns: a precocidade na a\u00e7\u00e3o, a extrema disciplina relativamente a medidas de isolamento social e o uso obrigat\u00f3rio de m\u00e1scaras.<\/p>\n<p>Sobre a precocidade na a\u00e7\u00e3o, n\u00e3o tendo sido os melhores, fomos, contudo, suficientemente r\u00e1pidos.<br>Sobre a disciplina no acatamento das medidas impostas, h\u00e1 que ponderar que as culturas europeia e oriental s\u00e3o muito diferentes, sem esquecer que estes pa\u00edses asi\u00e1ticos tinham a experi\u00eancia pr\u00e9via de v\u00e1rias epidemias, a mais recente e perigosa a do SARS, em 2003. Daqui resultou uma aprendizagem comum e uma capacidade resiliente, que ter\u00e3o agora sido utilizadas para a COVID-19, adotando as medidas necess\u00e1rias, sem perdas de tempo e indefini\u00e7\u00f5es na a\u00e7\u00e3o.<\/p>\n<p>Na Coreia do Sul, a dete\u00e7\u00e3o precoce de indiv\u00edduos clinicamente doentes, usando postos m\u00e9dicos <em>auto-drive<\/em>, que permitiu isolar pessoas em fase precoce e reduzir o cont\u00e1gio, ter\u00e1 sido uma das medidas mais importantes, enquanto em Singapura e em Taiwan imperaram medidas estritas de quarentena e de isolamento. Depois, tamb\u00e9m a elevada consci\u00eancia c\u00edvica destas populosas comunidades, mais habituadas do que as ocidentais a acatar os mandatos de interesse da maioria, com sacrif\u00edcio frequente da sua pr\u00f3pria autonomia individual.<\/p>\n<p>Mas tomemos o \u00fanico fator comum a todos estes pa\u00edses com hist\u00f3rias COVID-19 de sucesso: o uso de m\u00e1scaras. Na Europa, a Rep\u00fablica Checa, desde logo, tornou obrigat\u00f3rio o uso de m\u00e1scara, para reduzir o risco de cont\u00e1gio comunit\u00e1rio, a \u00c1ustria j\u00e1 o fez para recintos populosos. Portugal ainda n\u00e3o. E digo ainda n\u00e3o porque o far\u00e1, estou convencido, muito em breve.<\/p>\n<p>Importar\u00e1 refletir sobre o porqu\u00ea de tal n\u00e3o ter acontecido at\u00e9 agora. Talvez porque a OMS, que tem ditado as orienta\u00e7\u00f5es imediatas para o combate \u00e0 pandemia, nunca tenha recomendado, como devia, o uso generalizado de m\u00e1scaras, circunscrevendo-o a pessoas doentes e com elevado risco, em caso de infec\u00e7\u00e3o, assumindo-as como medida de autoprote\u00e7\u00e3o. Mas o que dizer do papel fundamental das m\u00e1scaras no reduzir do cont\u00e1gio pela propaga\u00e7\u00e3o do v\u00edrus? Este v\u00edrus propaga-se por got\u00edculas pesadas de saliva, que viajam at\u00e9 cerca de um metro de dist\u00e2ncia, mas tamb\u00e9m o faz por micropart\u00edculas, que ficam no ar em suspens\u00e3o, ap\u00f3s serem emitidas por doentes infetados. Ora, facilmente se perceber\u00e1 que, se o indiv\u00edduo doente e o indiv\u00edduo saud\u00e1vel usarem ambos m\u00e1scara, o risco de contamina\u00e7\u00e3o e de propaga\u00e7\u00e3o reduzir-se-\u00e1 substancialmente.<\/p>\n<p>Como cirurgi\u00e3o, utilizador frequente de m\u00e1scaras para proteger os doentes dos meus pr\u00f3prios agentes contaminadores, e certamente pouco conhecedor de epidemiologia, parece-me intuitivo que o uso adequado de uma m\u00e1scara criar\u00e1 uma barreira adicional \u00e0 propaga\u00e7\u00e3o de v\u00edrus, dificultando-a.<\/p>\n<p>O uso de m\u00e1scaras n\u00e3o \u00e9 uma medida que dispense todas as restantes ou que, ao ser tomada, infunde um falso sentido de seguran\u00e7a que leve a preterir todas as demais. Pelo contr\u00e1rio, consciencializaria todos para a responsabilidade ativa pela sua pr\u00f3pria prote\u00e7\u00e3o e pela do outro.<\/p>\n<p>Esta pandemia trar\u00e1 in\u00fameros ensinamentos. Um deles ser\u00e1 que o seguimento cego de normas de orienta\u00e7\u00e3o, mesmo provindas das mais respeit\u00e1veis organiza\u00e7\u00f5es, como a OMS, \u00e9, por vezes, desajustado das realidades locais. Os m\u00e9dicos sabem bem isso, quando temperam frequentemente a press\u00e3o para o uso cego das <em>guidelines <\/em>cl\u00ednicas com o bom senso da decis\u00e3o individualizada a cada doente.<\/p>\n<p>Posicionemo-nos, mais uma vez, na linha da frente do combate a esta terr\u00edvel pandemia, aprendendo com o sucesso dos outros e passando a usar, de agora em diante, uma simples m\u00e1scara.<!--more--><\/p>","protected":false},"excerpt":{"rendered":"<p>8 abr 2020 Jos\u00e9 FragataCirurgi\u00e3o Cardiotor\u00e1cicoVice-Reitor da Universidade NOVA de LisboaProfessor Catedr\u00e1tico da NOVA Medical School | Faculdade de Ci\u00eancias M\u00e9dicas Portugal tem estado bem na luta contra a COVID-19. Isso \u00e9 reconhecido, por compara\u00e7\u00e3o com o que se passa globalmente, e admitido pelas autoridades, mas tamb\u00e9m pelos cidad\u00e3os. Portugal tem sido bem-comportado e serve &#8230; <a title=\"O que as m\u00e1scaras nos dizem desta Pandemia\" class=\"read-more\" href=\"https:\/\/covid360.unl.pt\/?p=913\">Ler mais <span class=\"screen-reader-text\">O que as m\u00e1scaras nos dizem desta Pandemia<\/span><\/a><\/p>\n","protected":false},"author":3,"featured_media":0,"comment_status":"closed","ping_status":"open","sticky":false,"template":"","format":"standard","meta":[],"categories":[5],"tags":[],"_links":{"self":[{"href":"https:\/\/covid360.unl.pt\/index.php?rest_route=\/wp\/v2\/posts\/913"}],"collection":[{"href":"https:\/\/covid360.unl.pt\/index.php?rest_route=\/wp\/v2\/posts"}],"about":[{"href":"https:\/\/covid360.unl.pt\/index.php?rest_route=\/wp\/v2\/types\/post"}],"author":[{"embeddable":true,"href":"https:\/\/covid360.unl.pt\/index.php?rest_route=\/wp\/v2\/users\/3"}],"replies":[{"embeddable":true,"href":"https:\/\/covid360.unl.pt\/index.php?rest_route=%2Fwp%2Fv2%2Fcomments&post=913"}],"version-history":[{"count":3,"href":"https:\/\/covid360.unl.pt\/index.php?rest_route=\/wp\/v2\/posts\/913\/revisions"}],"predecessor-version":[{"id":946,"href":"https:\/\/covid360.unl.pt\/index.php?rest_route=\/wp\/v2\/posts\/913\/revisions\/946"}],"wp:attachment":[{"href":"https:\/\/covid360.unl.pt\/index.php?rest_route=%2Fwp%2Fv2%2Fmedia&parent=913"}],"wp:term":[{"taxonomy":"category","embeddable":true,"href":"https:\/\/covid360.unl.pt\/index.php?rest_route=%2Fwp%2Fv2%2Fcategories&post=913"},{"taxonomy":"post_tag","embeddable":true,"href":"https:\/\/covid360.unl.pt\/index.php?rest_route=%2Fwp%2Fv2%2Ftags&post=913"}],"curies":[{"name":"wp","href":"https:\/\/api.w.org\/{rel}","templated":true}]}}