{"id":940,"date":"2020-04-10T14:32:25","date_gmt":"2020-04-10T14:32:25","guid":{"rendered":"https:\/\/covid360.unl.pt\/?p=940"},"modified":"2020-04-10T14:32:27","modified_gmt":"2020-04-10T14:32:27","slug":"covid-19-e-se-a-resposta-tambem-estiver-no-intestino","status":"publish","type":"post","link":"https:\/\/covid360.unl.pt\/?p=940","title":{"rendered":"COVID-19: E se a resposta tamb\u00e9m estiver no intestino?"},"content":{"rendered":"\n<p class=\"has-small-font-size\"><em>10 abr 2020<\/em><\/p>\n\n\n<p><strong><em><img loading=\"lazy\" class=\"wp-image-942 alignleft\" src=\"https:\/\/covid360.unl.pt\/wp-content\/uploads\/2020\/04\/Conceicao_Calhau_v2-300x300.png\" alt=\"\" width=\"200\" height=\"200\" srcset=\"https:\/\/covid360.unl.pt\/wp-content\/uploads\/2020\/04\/Conceicao_Calhau_v2-300x300.png 300w, https:\/\/covid360.unl.pt\/wp-content\/uploads\/2020\/04\/Conceicao_Calhau_v2-150x150.png 150w, https:\/\/covid360.unl.pt\/wp-content\/uploads\/2020\/04\/Conceicao_Calhau_v2.png 700w\" sizes=\"(max-width: 200px) 100vw, 200px\" \/>Concei\u00e7\u00e3o Calhau<\/em><\/strong><br><em>Investigadora e Coordenadora da Licenciatura em Ci\u00eancias da Nutri\u00e7\u00e3o da NOVA Medical School | Faculdade de Ci\u00eancias M\u00e9dicas<\/em><\/p>\n<p>Para causar uma doen\u00e7a, um microrganismo tem de: ser encontrado em todos os indiv\u00edduos que manifestem a doen\u00e7a; crescer em meios de cultura pr\u00f3prio, quando isolado do indiv\u00edduo doente (hospedeiro); poder estar presente num indiv\u00edduo saud\u00e1vel, que ir\u00e1 manifestar o padr\u00e3o de doen\u00e7a do indiv\u00edduo dador. Estes s\u00e3o os postulados do microbi\u00f3logo alem\u00e3o Robert Koch, publicados em 1890, e que vigoram at\u00e9 hoje. <!--more--><span style=\"font-size: inherit; background-color: initial;\">Nos \u00faltimos 15 anos, assistimos a um crescimento exponencial de publica\u00e7\u00f5es cient\u00edficas que mostram a import\u00e2ncia do microbiota intestinal na condi\u00e7\u00e3o de sa\u00fade ou de doen\u00e7a. E, em 2016, surge a possibilidade de a obesidade ser uma doen\u00e7a infeciosa, at\u00e9 contagiosa. Na verdade, o que a ci\u00eancia nos veio mostrar foi que cerca de um ter\u00e7o das bact\u00e9rias do microbiota intestinal formavam esporos e que, por isso, poderiam ser transmitidas a outras pessoas saud\u00e1veis, as quais viriam a manifestar, mais tarde, a doen\u00e7a. Os resultados destes estudos alertaram ainda para a necessidade de lavar bem as m\u00e3os com sab\u00e3o, uma vez que os esporos seriam resistentes ao \u00e1lcool. Recomenda\u00e7\u00e3o muito conveniente nos dias de hoje.<\/span><\/p>\n<p>Iniciamos o ano 2020 com uma forte e importante reflex\u00e3o que compilou todos estes conhecimentos e evid\u00eancias dos \u00faltimos anos, reinterpretando as doen\u00e7as cr\u00f3nicas, n\u00e3o comunic\u00e1veis, como \u2018doen\u00e7as comunic\u00e1veis\u2019. Ou seja, transmiss\u00edveis. Falamos de obesidade, diabetes, doen\u00e7as cardiovasculares, cancro, doen\u00e7as neurodegenerativas, entre muitas outras, que se associam a uma disbiose, isto \u00e9, \u00e0 altera\u00e7\u00e3o do microbiota intestinal. Na verdade, cumprem-se os 4 postulados de Koch.<\/p>\n<p>Mal se imaginava como esse seria tamb\u00e9m o grande desafio da COVID-19: o cont\u00e1gio.<\/p>\n<p>Ser\u00e1 que esta pandemia refor\u00e7ar\u00e1 uma necessidade que j\u00e1 se previa, a do afastamento social, uso de m\u00e1scara e refor\u00e7o das exig\u00eancias de higieniza\u00e7\u00e3o das m\u00e3os?<\/p>\n<p>Com a chegada \u00e0 Europa da COVID-19, ficou muito claro que a severidade da doen\u00e7a era s\u00f3 para alguns. A vulnerabilidade n\u00e3o \u00e9 igual para todos. H\u00e1 os chamados grupos de risco, como os doentes hipertensos, obesos, diab\u00e9ticos, entre outros. Ora, se estas doen\u00e7as est\u00e3o associadas a uma disfun\u00e7\u00e3o do microbiota intestinal e se esta disfun\u00e7\u00e3o sustenta, em grande parte, os mecanismos associados \u00e0s doen\u00e7as, n\u00e3o ser\u00e1 esta tamb\u00e9m uma raz\u00e3o para que estes indiv\u00edduos sejam mais suscet\u00edveis \u00e0 COVID-19? N\u00e3o s\u00f3 pela pr\u00f3xima rela\u00e7\u00e3o do microbiota intestinal com a fun\u00e7\u00e3o imunol\u00f3gica, como tamb\u00e9m pelo processo que permite a entrada do novo coronav\u00edrus na c\u00e9lula.<\/p>\n<p>Estar\u00e3o, afinal, as respostas imunol\u00f3gica e metab\u00f3lica no indiv\u00edduo infetado com o novo coronav\u00edrus dependentes de outros microrganismos que habitam o nosso intestino? Perguntas \u00e0s quais o nosso grupo de investiga\u00e7\u00e3o, em parceria com diferentes investigadores e hospitais do pa\u00eds, ir\u00e3o responder. Nesse momento, poderemos estar no caminho para novas estrat\u00e9gias de interven\u00e7\u00e3o.<\/p>","protected":false},"excerpt":{"rendered":"<p>10 abr 2020 Concei\u00e7\u00e3o CalhauInvestigadora e Coordenadora da Licenciatura em Ci\u00eancias da Nutri\u00e7\u00e3o da NOVA Medical School | Faculdade de Ci\u00eancias M\u00e9dicas Para causar uma doen\u00e7a, um microrganismo tem de: ser encontrado em todos os indiv\u00edduos que manifestem a doen\u00e7a; crescer em meios de cultura pr\u00f3prio, quando isolado do indiv\u00edduo doente (hospedeiro); poder estar presente &#8230; <a title=\"COVID-19: E se a resposta tamb\u00e9m estiver no intestino?\" class=\"read-more\" href=\"https:\/\/covid360.unl.pt\/?p=940\">Ler mais <span class=\"screen-reader-text\">COVID-19: E se a resposta tamb\u00e9m estiver no intestino?<\/span><\/a><\/p>\n","protected":false},"author":3,"featured_media":0,"comment_status":"closed","ping_status":"open","sticky":false,"template":"","format":"standard","meta":[],"categories":[5],"tags":[],"_links":{"self":[{"href":"https:\/\/covid360.unl.pt\/index.php?rest_route=\/wp\/v2\/posts\/940"}],"collection":[{"href":"https:\/\/covid360.unl.pt\/index.php?rest_route=\/wp\/v2\/posts"}],"about":[{"href":"https:\/\/covid360.unl.pt\/index.php?rest_route=\/wp\/v2\/types\/post"}],"author":[{"embeddable":true,"href":"https:\/\/covid360.unl.pt\/index.php?rest_route=\/wp\/v2\/users\/3"}],"replies":[{"embeddable":true,"href":"https:\/\/covid360.unl.pt\/index.php?rest_route=%2Fwp%2Fv2%2Fcomments&post=940"}],"version-history":[{"count":5,"href":"https:\/\/covid360.unl.pt\/index.php?rest_route=\/wp\/v2\/posts\/940\/revisions"}],"predecessor-version":[{"id":980,"href":"https:\/\/covid360.unl.pt\/index.php?rest_route=\/wp\/v2\/posts\/940\/revisions\/980"}],"wp:attachment":[{"href":"https:\/\/covid360.unl.pt\/index.php?rest_route=%2Fwp%2Fv2%2Fmedia&parent=940"}],"wp:term":[{"taxonomy":"category","embeddable":true,"href":"https:\/\/covid360.unl.pt\/index.php?rest_route=%2Fwp%2Fv2%2Fcategories&post=940"},{"taxonomy":"post_tag","embeddable":true,"href":"https:\/\/covid360.unl.pt\/index.php?rest_route=%2Fwp%2Fv2%2Ftags&post=940"}],"curies":[{"name":"wp","href":"https:\/\/api.w.org\/{rel}","templated":true}]}}