{"id":957,"date":"2020-04-09T16:08:37","date_gmt":"2020-04-09T16:08:37","guid":{"rendered":"https:\/\/covid360.unl.pt\/?p=957"},"modified":"2020-04-09T16:10:04","modified_gmt":"2020-04-09T16:10:04","slug":"mobilidade-em-portugal-em-tempos-de-pandemia-por-covid-19","status":"publish","type":"post","link":"https:\/\/covid360.unl.pt\/?p=957","title":{"rendered":"Mobilidade em Portugal em tempos de pandemia por COVID-19"},"content":{"rendered":"\n<p class=\"has-small-font-size\"><em>9 abr 2020<\/em><\/p>\n\n\n<p><em><strong><img loading=\"lazy\" class=\"size-medium wp-image-970 alignleft\" src=\"https:\/\/covid360.unl.pt\/wp-content\/uploads\/2020\/04\/corona-4912180_1920-300x169.jpg\" alt=\"\" width=\"300\" height=\"169\" srcset=\"https:\/\/covid360.unl.pt\/wp-content\/uploads\/2020\/04\/corona-4912180_1920-300x169.jpg 300w, https:\/\/covid360.unl.pt\/wp-content\/uploads\/2020\/04\/corona-4912180_1920-1024x576.jpg 1024w, https:\/\/covid360.unl.pt\/wp-content\/uploads\/2020\/04\/corona-4912180_1920-768x432.jpg 768w, https:\/\/covid360.unl.pt\/wp-content\/uploads\/2020\/04\/corona-4912180_1920-1536x864.jpg 1536w, https:\/\/covid360.unl.pt\/wp-content\/uploads\/2020\/04\/corona-4912180_1920.jpg 1920w\" sizes=\"(max-width: 300px) 100vw, 300px\" \/>Alexandre Abrantes, Andr\u00e9 Vieira, Paulo Sousa, Pedro Aguiar, Vasco Ricoca Peixoto<\/strong><\/em><br \/><em>Centro de Investiga\u00e7\u00e3o em Sa\u00fade P\u00fablica da <\/em><em>Escola Nacional de Sa\u00fade P\u00fablica da Universidade NOVA de Lisboa<\/em><\/p>\n<p>Desde o in\u00edcio da Epidemia por COVID-19, os governos t\u00eam implementado medidas de distanciamento social de diferentes tipos e abrang\u00eancia. Existe alguma evid\u00eancia sobre o impacto da redu\u00e7\u00e3o da mobilidade na transmiss\u00e3o da COVID-19. <!--more-->No entanto \u00e9 dif\u00edcil quantificar a redu\u00e7\u00e3o efetiva na mobilidade\/perman\u00eancia dos cidad\u00e3os em diversas tipologias de locais, atividades e em diferentes regi\u00f5es. Ainda assim, a mobilidade\/perman\u00eancia \u00e9 um indicador incompleto do risco real que \u00e9 influenciado por muitas outras vari\u00e1veis.<br \/><br \/>O Governo decretou, a partir da segunda semana de mar\u00e7o de 2020 um conjunto de medidas para promover distanciamento social, mas, at\u00e9 aqui, a evid\u00eancia dispon\u00edvel sobre a ades\u00e3o da popula\u00e7\u00e3o a essas medidas era baseada principalmente em inqu\u00e9ritos de opini\u00e3o como o Inqu\u00e9rito de Opini\u00e3o Social do Bar\u00f3metro COVID-19 da Escola Nacional de Sa\u00fade P\u00fablica.<\/p>\n<p>No in\u00edcio de abril a Google disponibilizou pela primeira vez, relat\u00f3rios indicando varia\u00e7\u00f5es na mobilidade\/perman\u00eancia em diferentes pa\u00edses, por distrito a que chamaram COVID-19 <em>Mobility Reports<\/em>. Estes permitem uma avalia\u00e7\u00e3o da ades\u00e3o das popula\u00e7\u00f5es \u00e0s medidas decretadas pelas autoridades e caracteriza\u00e7\u00e3o mais detalhada de mobilidade.<\/p>\n<p>Este trabalho descreve a varia\u00e7\u00e3o na mobilidade dos Portugueses ente uma linha de base em janeiro\/fevereiro e o dia 29 de mar\u00e7o, por distrito, discute os achados, e apresenta hip\u00f3teses e potencialidades deste tipo de informa\u00e7\u00e3o em investiga\u00e7\u00e3o futura.<\/p>\n<p>Leia o <a href=\"https:\/\/covid360.unl.pt\/wp-content\/uploads\/2020\/04\/MobilityTrendsGoogleCOVIDPortugal-7-abril-Final-1.pdf\" target=\"_blank\" rel=\"noopener noreferrer\">artigo na \u00edntegra<\/a>.\u00a0<\/p>","protected":false},"excerpt":{"rendered":"<p>9 abr 2020 Alexandre Abrantes, Andr\u00e9 Vieira, Paulo Sousa, Pedro Aguiar, Vasco Ricoca PeixotoCentro de Investiga\u00e7\u00e3o em Sa\u00fade P\u00fablica da Escola Nacional de Sa\u00fade P\u00fablica da Universidade NOVA de Lisboa Desde o in\u00edcio da Epidemia por COVID-19, os governos t\u00eam implementado medidas de distanciamento social de diferentes tipos e abrang\u00eancia. Existe alguma evid\u00eancia sobre o &#8230; <a title=\"Mobilidade em Portugal em tempos de pandemia por COVID-19\" class=\"read-more\" href=\"https:\/\/covid360.unl.pt\/?p=957\">Ler mais <span class=\"screen-reader-text\">Mobilidade em Portugal em tempos de pandemia por COVID-19<\/span><\/a><\/p>\n","protected":false},"author":3,"featured_media":0,"comment_status":"closed","ping_status":"open","sticky":false,"template":"","format":"standard","meta":[],"categories":[5],"tags":[],"_links":{"self":[{"href":"https:\/\/covid360.unl.pt\/index.php?rest_route=\/wp\/v2\/posts\/957"}],"collection":[{"href":"https:\/\/covid360.unl.pt\/index.php?rest_route=\/wp\/v2\/posts"}],"about":[{"href":"https:\/\/covid360.unl.pt\/index.php?rest_route=\/wp\/v2\/types\/post"}],"author":[{"embeddable":true,"href":"https:\/\/covid360.unl.pt\/index.php?rest_route=\/wp\/v2\/users\/3"}],"replies":[{"embeddable":true,"href":"https:\/\/covid360.unl.pt\/index.php?rest_route=%2Fwp%2Fv2%2Fcomments&post=957"}],"version-history":[{"count":4,"href":"https:\/\/covid360.unl.pt\/index.php?rest_route=\/wp\/v2\/posts\/957\/revisions"}],"predecessor-version":[{"id":973,"href":"https:\/\/covid360.unl.pt\/index.php?rest_route=\/wp\/v2\/posts\/957\/revisions\/973"}],"wp:attachment":[{"href":"https:\/\/covid360.unl.pt\/index.php?rest_route=%2Fwp%2Fv2%2Fmedia&parent=957"}],"wp:term":[{"taxonomy":"category","embeddable":true,"href":"https:\/\/covid360.unl.pt\/index.php?rest_route=%2Fwp%2Fv2%2Fcategories&post=957"},{"taxonomy":"post_tag","embeddable":true,"href":"https:\/\/covid360.unl.pt\/index.php?rest_route=%2Fwp%2Fv2%2Ftags&post=957"}],"curies":[{"name":"wp","href":"https:\/\/api.w.org\/{rel}","templated":true}]}}