{"id":993,"date":"2020-04-14T15:14:37","date_gmt":"2020-04-14T15:14:37","guid":{"rendered":"https:\/\/covid360.unl.pt\/?p=993"},"modified":"2020-04-14T15:14:39","modified_gmt":"2020-04-14T15:14:39","slug":"inquerito-nova-sbe-visao-como-estao-os-portugueses-a-reagir-a-pandemia","status":"publish","type":"post","link":"https:\/\/covid360.unl.pt\/?p=993","title":{"rendered":"Inqu\u00e9rito Nova SBE\/VIS\u00c3O: Como est\u00e3o os portugueses a reagir \u00e0 pandemia?"},"content":{"rendered":"<div><img loading=\"lazy\" class=\"size-full wp-image-1009 alignleft\" src=\"https:\/\/covid360.unl.pt\/wp-content\/uploads\/2020\/04\/smartphone.jpg\" alt=\"\" width=\"300\" height=\"180\" \/><\/div>\n<div>O centro de investiga\u00e7\u00e3o em Economia da Sa\u00fade da Nova School of Business and Economics (Nova SBE Health Economics &amp; Management Knowledge Center) esta\u0301 a conduzir um inqu\u00e9rito para conhecer os impactos sociais e econ\u00f3micos da Covid-19 em v\u00e1rias dimens\u00f5es. Os resultados est\u00e3o a ser divulgados pela VIS\u00c3O.<\/div>\n<div><\/div>\n<p><!--more--><\/p>\n<div>O grupo de trabalho que leva a cabo este inqu\u00e9rito \u00e9 constitu\u00eddo pelos investigadores Pedro Pita Barros, Eduardo Costa e Sara Almeida.<\/div>\n<div>Este\u00a0centro de conhecimento para Economia da Sa\u00fade, Gest\u00e3o de Sa\u00fade, Pol\u00edticas de Sa\u00fade e Sa\u00fade P\u00fablica\u00a0\u00e9 o correspondente portugu\u00eas do Observat\u00f3rio Europeu de Sistemas e Pol\u00edticas de Sa\u00fade (European Observatory on Health Systems and Policies).<\/div>\n<div><\/div>\n<div><\/div>\n<div>Resultados j\u00e1 divulgados:<\/div>\n<div>\n<p style=\"font-style: inherit; font-weight: inherit;\">5 abril | <a href=\"https:\/\/visao.sapo.pt\/atualidade\/sociedade\/2020-04-05-inquerito-nova-sbe-visao-como-estao-os-portugueses-a-reagir-a-pandemia\/\" target=\"_blank\" rel=\"noopener noreferrer\">Como est\u00e3o os portugueses a reagir \u00e0 pandemia?<\/a><\/p>\n<p style=\"font-style: inherit; font-weight: inherit;\">13 abril | <a href=\"https:\/\/visao.sapo.pt\/atualidade\/sociedade\/2020-04-13-inquerito-nova-sbe-visao-que-informac%CC%A7a%CC%83o-temos-sobre-a-covid-19\/\" target=\"_blank\" rel=\"noopener noreferrer\">Que informa\u00e7\u00e3o temos sobre a Covid-19?<\/a><\/p>\n<\/div>\n<div><\/div>\n","protected":false},"excerpt":{"rendered":"<p>O centro de investiga\u00e7\u00e3o em Economia da Sa\u00fade da Nova School of Business and Economics (Nova SBE Health Economics &amp; Management Knowledge Center) esta\u0301 a conduzir um inqu\u00e9rito para conhecer os impactos sociais e econ\u00f3micos da Covid-19 em v\u00e1rias dimens\u00f5es. Os resultados est\u00e3o a ser divulgados pela VIS\u00c3O.<\/p>\n","protected":false},"author":2,"featured_media":0,"comment_status":"closed","ping_status":"closed","sticky":false,"template":"","format":"standard","meta":[],"categories":[4,1],"tags":[],"_links":{"self":[{"href":"https:\/\/covid360.unl.pt\/index.php?rest_route=\/wp\/v2\/posts\/993"}],"collection":[{"href":"https:\/\/covid360.unl.pt\/index.php?rest_route=\/wp\/v2\/posts"}],"about":[{"href":"https:\/\/covid360.unl.pt\/index.php?rest_route=\/wp\/v2\/types\/post"}],"author":[{"embeddable":true,"href":"https:\/\/covid360.unl.pt\/index.php?rest_route=\/wp\/v2\/users\/2"}],"replies":[{"embeddable":true,"href":"https:\/\/covid360.unl.pt\/index.php?rest_route=%2Fwp%2Fv2%2Fcomments&post=993"}],"version-history":[{"count":3,"href":"https:\/\/covid360.unl.pt\/index.php?rest_route=\/wp\/v2\/posts\/993\/revisions"}],"predecessor-version":[{"id":1011,"href":"https:\/\/covid360.unl.pt\/index.php?rest_route=\/wp\/v2\/posts\/993\/revisions\/1011"}],"wp:attachment":[{"href":"https:\/\/covid360.unl.pt\/index.php?rest_route=%2Fwp%2Fv2%2Fmedia&parent=993"}],"wp:term":[{"taxonomy":"category","embeddable":true,"href":"https:\/\/covid360.unl.pt\/index.php?rest_route=%2Fwp%2Fv2%2Fcategories&post=993"},{"taxonomy":"post_tag","embeddable":true,"href":"https:\/\/covid360.unl.pt\/index.php?rest_route=%2Fwp%2Fv2%2Ftags&post=993"}],"curies":[{"name":"wp","href":"https:\/\/api.w.org\/{rel}","templated":true}]}}